{"id":13642,"date":"2023-07-18T20:39:55","date_gmt":"2023-07-18T18:39:55","guid":{"rendered":"https:\/\/www.krakow.szarytki.pl\/?p=13642"},"modified":"2023-07-18T20:44:27","modified_gmt":"2023-07-18T18:44:27","slug":"jego-laska-na-wieki","status":"publish","type":"post","link":"https:\/\/www.krakow.szarytki.pl\/?p=13642","title":{"rendered":"Jego \u0142aska na wieki"},"content":{"rendered":"","protected":false},"excerpt":{"rendered":"<p>15 i 16 lipca dzi\u0119kowa\u0142y\u015bmy Bogu za: 193. rocznic\u0119 Objawie\u0144 Matki Naj\u015bwi\u0119tszej oraz za jubileusze naszych si\u00f3str&#8230;<\/p>\n","protected":false},"author":5,"featured_media":13649,"comment_status":"closed","ping_status":"closed","sticky":false,"template":"","format":"standard","meta":{"footnotes":""},"categories":[16,9],"tags":[],"class_list":["post-13642","post","type-post","status-publish","format-standard","has-post-thumbnail","hentry","category-krakow","category-wydarzenia"],"_links":{"self":[{"href":"https:\/\/www.krakow.szarytki.pl\/index.php?rest_route=\/wp\/v2\/posts\/13642","targetHints":{"allow":["GET"]}}],"collection":[{"href":"https:\/\/www.krakow.szarytki.pl\/index.php?rest_route=\/wp\/v2\/posts"}],"about":[{"href":"https:\/\/www.krakow.szarytki.pl\/index.php?rest_route=\/wp\/v2\/types\/post"}],"author":[{"embeddable":true,"href":"https:\/\/www.krakow.szarytki.pl\/index.php?rest_route=\/wp\/v2\/users\/5"}],"replies":[{"embeddable":true,"href":"https:\/\/www.krakow.szarytki.pl\/index.php?rest_route=%2Fwp%2Fv2%2Fcomments&post=13642"}],"version-history":[{"count":0,"href":"https:\/\/www.krakow.szarytki.pl\/index.php?rest_route=\/wp\/v2\/posts\/13642\/revisions"}],"wp:featuredmedia":[{"embeddable":true,"href":"https:\/\/www.krakow.szarytki.pl\/index.php?rest_route=\/wp\/v2\/media\/13649"}],"wp:attachment":[{"href":"https:\/\/www.krakow.szarytki.pl\/index.php?rest_route=%2Fwp%2Fv2%2Fmedia&parent=13642"}],"wp:term":[{"taxonomy":"category","embeddable":true,"href":"https:\/\/www.krakow.szarytki.pl\/index.php?rest_route=%2Fwp%2Fv2%2Fcategories&post=13642"},{"taxonomy":"post_tag","embeddable":true,"href":"https:\/\/www.krakow.szarytki.pl\/index.php?rest_route=%2Fwp%2Fv2%2Ftags&post=13642"}],"curies":[{"name":"wp","href":"https:\/\/api.w.org\/{rel}","templated":true}]}}