{"id":13489,"date":"2023-03-30T21:45:02","date_gmt":"2023-03-30T19:45:02","guid":{"rendered":"https:\/\/www.krakow.szarytki.pl\/?p=13489"},"modified":"2023-03-30T21:53:05","modified_gmt":"2023-03-30T19:53:05","slug":"zarazliwa-radosc","status":"publish","type":"post","link":"https:\/\/www.krakow.szarytki.pl\/?p=13489","title":{"rendered":"Zara\u017aliwa rado\u015b\u0107"},"content":{"rendered":"","protected":false},"excerpt":{"rendered":"<p>W Zakopanem zrodzi\u0142a si\u0119 kolejna inicjatywa w zwi\u0105zku z 40 leciem Stowarzyszenia na rzecz Os\u00f3b z Niepe\u0142nosprawno\u015bci\u0105 Intelektualn\u0105&#8230;<\/p>\n","protected":false},"author":5,"featured_media":13512,"comment_status":"closed","ping_status":"closed","sticky":false,"template":"","format":"standard","meta":{"footnotes":""},"categories":[12],"tags":[],"class_list":["post-13489","post","type-post","status-publish","format-standard","has-post-thumbnail","hentry","category-zakopane"],"_links":{"self":[{"href":"https:\/\/www.krakow.szarytki.pl\/index.php?rest_route=\/wp\/v2\/posts\/13489","targetHints":{"allow":["GET"]}}],"collection":[{"href":"https:\/\/www.krakow.szarytki.pl\/index.php?rest_route=\/wp\/v2\/posts"}],"about":[{"href":"https:\/\/www.krakow.szarytki.pl\/index.php?rest_route=\/wp\/v2\/types\/post"}],"author":[{"embeddable":true,"href":"https:\/\/www.krakow.szarytki.pl\/index.php?rest_route=\/wp\/v2\/users\/5"}],"replies":[{"embeddable":true,"href":"https:\/\/www.krakow.szarytki.pl\/index.php?rest_route=%2Fwp%2Fv2%2Fcomments&post=13489"}],"version-history":[{"count":0,"href":"https:\/\/www.krakow.szarytki.pl\/index.php?rest_route=\/wp\/v2\/posts\/13489\/revisions"}],"wp:featuredmedia":[{"embeddable":true,"href":"https:\/\/www.krakow.szarytki.pl\/index.php?rest_route=\/wp\/v2\/media\/13512"}],"wp:attachment":[{"href":"https:\/\/www.krakow.szarytki.pl\/index.php?rest_route=%2Fwp%2Fv2%2Fmedia&parent=13489"}],"wp:term":[{"taxonomy":"category","embeddable":true,"href":"https:\/\/www.krakow.szarytki.pl\/index.php?rest_route=%2Fwp%2Fv2%2Fcategories&post=13489"},{"taxonomy":"post_tag","embeddable":true,"href":"https:\/\/www.krakow.szarytki.pl\/index.php?rest_route=%2Fwp%2Fv2%2Ftags&post=13489"}],"curies":[{"name":"wp","href":"https:\/\/api.w.org\/{rel}","templated":true}]}}