{"id":13453,"date":"2023-03-17T20:49:16","date_gmt":"2023-03-17T19:49:16","guid":{"rendered":"https:\/\/www.krakow.szarytki.pl\/?p=13453"},"modified":"2023-03-18T21:38:06","modified_gmt":"2023-03-18T20:38:06","slug":"pod-plaszczem-maryi-2","status":"publish","type":"post","link":"https:\/\/www.krakow.szarytki.pl\/?p=13453","title":{"rendered":"Pod p\u0142aszczem Maryi"},"content":{"rendered":"","protected":false},"excerpt":{"rendered":"<p>Grupy maryjne w Limanowej czcz\u0105 sw\u0105 Matk\u0119 aktywnie anga\u017cuj\u0105c si\u0119 w \u017cycie parafii, w tym nabo\u017ce\u0144stwa Drogi Krzy\u017cowej&#8230;<\/p>\n","protected":false},"author":5,"featured_media":13487,"comment_status":"closed","ping_status":"closed","sticky":false,"template":"","format":"standard","meta":{"footnotes":""},"categories":[54],"tags":[],"class_list":["post-13453","post","type-post","status-publish","format-standard","has-post-thumbnail","hentry","category-limanowa"],"_links":{"self":[{"href":"https:\/\/www.krakow.szarytki.pl\/index.php?rest_route=\/wp\/v2\/posts\/13453","targetHints":{"allow":["GET"]}}],"collection":[{"href":"https:\/\/www.krakow.szarytki.pl\/index.php?rest_route=\/wp\/v2\/posts"}],"about":[{"href":"https:\/\/www.krakow.szarytki.pl\/index.php?rest_route=\/wp\/v2\/types\/post"}],"author":[{"embeddable":true,"href":"https:\/\/www.krakow.szarytki.pl\/index.php?rest_route=\/wp\/v2\/users\/5"}],"replies":[{"embeddable":true,"href":"https:\/\/www.krakow.szarytki.pl\/index.php?rest_route=%2Fwp%2Fv2%2Fcomments&post=13453"}],"version-history":[{"count":0,"href":"https:\/\/www.krakow.szarytki.pl\/index.php?rest_route=\/wp\/v2\/posts\/13453\/revisions"}],"wp:featuredmedia":[{"embeddable":true,"href":"https:\/\/www.krakow.szarytki.pl\/index.php?rest_route=\/wp\/v2\/media\/13487"}],"wp:attachment":[{"href":"https:\/\/www.krakow.szarytki.pl\/index.php?rest_route=%2Fwp%2Fv2%2Fmedia&parent=13453"}],"wp:term":[{"taxonomy":"category","embeddable":true,"href":"https:\/\/www.krakow.szarytki.pl\/index.php?rest_route=%2Fwp%2Fv2%2Fcategories&post=13453"},{"taxonomy":"post_tag","embeddable":true,"href":"https:\/\/www.krakow.szarytki.pl\/index.php?rest_route=%2Fwp%2Fv2%2Ftags&post=13453"}],"curies":[{"name":"wp","href":"https:\/\/api.w.org\/{rel}","templated":true}]}}