{"id":13309,"date":"2023-02-01T21:12:54","date_gmt":"2023-02-01T20:12:54","guid":{"rendered":"https:\/\/www.krakow.szarytki.pl\/?p=13309"},"modified":"2023-02-04T21:24:45","modified_gmt":"2023-02-04T20:24:45","slug":"byc-dzieckiem-bozym","status":"publish","type":"post","link":"https:\/\/www.krakow.szarytki.pl\/?p=13309","title":{"rendered":"By\u0107 dzieckiem Bo\u017cym"},"content":{"rendered":"","protected":false},"excerpt":{"rendered":"<p>Ubodzy w Odessie korzystaj\u0105cy z pomocy organizacji Depaul mieli mo\u017cliwo\u015b\u0107 uczczenia Niedzieli Chrztu Pa\u0144skiego &#8230; <\/p>\n","protected":false},"author":5,"featured_media":13333,"comment_status":"closed","ping_status":"closed","sticky":false,"template":"","format":"standard","meta":{"footnotes":""},"categories":[21],"tags":[],"class_list":["post-13309","post","type-post","status-publish","format-standard","has-post-thumbnail","hentry","category-odessa"],"_links":{"self":[{"href":"https:\/\/www.krakow.szarytki.pl\/index.php?rest_route=\/wp\/v2\/posts\/13309","targetHints":{"allow":["GET"]}}],"collection":[{"href":"https:\/\/www.krakow.szarytki.pl\/index.php?rest_route=\/wp\/v2\/posts"}],"about":[{"href":"https:\/\/www.krakow.szarytki.pl\/index.php?rest_route=\/wp\/v2\/types\/post"}],"author":[{"embeddable":true,"href":"https:\/\/www.krakow.szarytki.pl\/index.php?rest_route=\/wp\/v2\/users\/5"}],"replies":[{"embeddable":true,"href":"https:\/\/www.krakow.szarytki.pl\/index.php?rest_route=%2Fwp%2Fv2%2Fcomments&post=13309"}],"version-history":[{"count":0,"href":"https:\/\/www.krakow.szarytki.pl\/index.php?rest_route=\/wp\/v2\/posts\/13309\/revisions"}],"wp:featuredmedia":[{"embeddable":true,"href":"https:\/\/www.krakow.szarytki.pl\/index.php?rest_route=\/wp\/v2\/media\/13333"}],"wp:attachment":[{"href":"https:\/\/www.krakow.szarytki.pl\/index.php?rest_route=%2Fwp%2Fv2%2Fmedia&parent=13309"}],"wp:term":[{"taxonomy":"category","embeddable":true,"href":"https:\/\/www.krakow.szarytki.pl\/index.php?rest_route=%2Fwp%2Fv2%2Fcategories&post=13309"},{"taxonomy":"post_tag","embeddable":true,"href":"https:\/\/www.krakow.szarytki.pl\/index.php?rest_route=%2Fwp%2Fv2%2Ftags&post=13309"}],"curies":[{"name":"wp","href":"https:\/\/api.w.org\/{rel}","templated":true}]}}