{"id":12939,"date":"2022-09-03T22:35:00","date_gmt":"2022-09-03T20:35:00","guid":{"rendered":"https:\/\/www.krakow.szarytki.pl\/?p=12939"},"modified":"2022-09-09T22:01:07","modified_gmt":"2022-09-09T20:01:07","slug":"wizyta-matki","status":"publish","type":"post","link":"https:\/\/www.krakow.szarytki.pl\/?p=12939","title":{"rendered":"Wizyta Matki"},"content":{"rendered":"","protected":false},"excerpt":{"rendered":"<p>Ostatnio prze\u017cy\u0142y\u015bmy wizyt\u0119 Prze\u0142o\u017conej Generalnej, kt\u00f3ra odwiedzi\u0142a kilka wsp\u00f3lnot na Ukrainie, a tak\u017ce nasz dom prowincjalny&#8230;<\/p>\n","protected":false},"author":5,"featured_media":12943,"comment_status":"closed","ping_status":"closed","sticky":false,"template":"","format":"standard","meta":{"footnotes":""},"categories":[16,30,50],"tags":[],"class_list":["post-12939","post","type-post","status-publish","format-standard","has-post-thumbnail","hentry","category-krakow","category-sniatyn-centrum-bl-m-wieckiej","category-storozyniec"],"_links":{"self":[{"href":"https:\/\/www.krakow.szarytki.pl\/index.php?rest_route=\/wp\/v2\/posts\/12939","targetHints":{"allow":["GET"]}}],"collection":[{"href":"https:\/\/www.krakow.szarytki.pl\/index.php?rest_route=\/wp\/v2\/posts"}],"about":[{"href":"https:\/\/www.krakow.szarytki.pl\/index.php?rest_route=\/wp\/v2\/types\/post"}],"author":[{"embeddable":true,"href":"https:\/\/www.krakow.szarytki.pl\/index.php?rest_route=\/wp\/v2\/users\/5"}],"replies":[{"embeddable":true,"href":"https:\/\/www.krakow.szarytki.pl\/index.php?rest_route=%2Fwp%2Fv2%2Fcomments&post=12939"}],"version-history":[{"count":0,"href":"https:\/\/www.krakow.szarytki.pl\/index.php?rest_route=\/wp\/v2\/posts\/12939\/revisions"}],"wp:featuredmedia":[{"embeddable":true,"href":"https:\/\/www.krakow.szarytki.pl\/index.php?rest_route=\/wp\/v2\/media\/12943"}],"wp:attachment":[{"href":"https:\/\/www.krakow.szarytki.pl\/index.php?rest_route=%2Fwp%2Fv2%2Fmedia&parent=12939"}],"wp:term":[{"taxonomy":"category","embeddable":true,"href":"https:\/\/www.krakow.szarytki.pl\/index.php?rest_route=%2Fwp%2Fv2%2Fcategories&post=12939"},{"taxonomy":"post_tag","embeddable":true,"href":"https:\/\/www.krakow.szarytki.pl\/index.php?rest_route=%2Fwp%2Fv2%2Ftags&post=12939"}],"curies":[{"name":"wp","href":"https:\/\/api.w.org\/{rel}","templated":true}]}}