{"id":12587,"date":"2022-05-14T17:23:19","date_gmt":"2022-05-14T15:23:19","guid":{"rendered":"https:\/\/www.krakow.szarytki.pl\/?p=12587"},"modified":"2022-07-08T20:50:28","modified_gmt":"2022-07-08T18:50:28","slug":"nowa-misja","status":"publish","type":"post","link":"https:\/\/www.krakow.szarytki.pl\/?p=12587","title":{"rendered":"Opowie\u015b\u0107 misyjna"},"content":{"rendered":"","protected":false},"excerpt":{"rendered":"<p>Obecnie przebywa w Polsce s. Teresa Be\u0142ch, kt\u00f3ra podzieli\u0142a si\u0119 do\u015bwiadczeniem swej pos\u0142ugi w Demokratycznej Republice Konga i w  Kongo, gdzie pracuje od zesz\u0142ego roku&#8230;<\/p>\n","protected":false},"author":5,"featured_media":12617,"comment_status":"closed","ping_status":"closed","sticky":false,"template":"","format":"standard","meta":{"footnotes":""},"categories":[55],"tags":[],"class_list":["post-12587","post","type-post","status-publish","format-standard","has-post-thumbnail","hentry","category-kongo"],"_links":{"self":[{"href":"https:\/\/www.krakow.szarytki.pl\/index.php?rest_route=\/wp\/v2\/posts\/12587","targetHints":{"allow":["GET"]}}],"collection":[{"href":"https:\/\/www.krakow.szarytki.pl\/index.php?rest_route=\/wp\/v2\/posts"}],"about":[{"href":"https:\/\/www.krakow.szarytki.pl\/index.php?rest_route=\/wp\/v2\/types\/post"}],"author":[{"embeddable":true,"href":"https:\/\/www.krakow.szarytki.pl\/index.php?rest_route=\/wp\/v2\/users\/5"}],"replies":[{"embeddable":true,"href":"https:\/\/www.krakow.szarytki.pl\/index.php?rest_route=%2Fwp%2Fv2%2Fcomments&post=12587"}],"version-history":[{"count":0,"href":"https:\/\/www.krakow.szarytki.pl\/index.php?rest_route=\/wp\/v2\/posts\/12587\/revisions"}],"wp:featuredmedia":[{"embeddable":true,"href":"https:\/\/www.krakow.szarytki.pl\/index.php?rest_route=\/wp\/v2\/media\/12617"}],"wp:attachment":[{"href":"https:\/\/www.krakow.szarytki.pl\/index.php?rest_route=%2Fwp%2Fv2%2Fmedia&parent=12587"}],"wp:term":[{"taxonomy":"category","embeddable":true,"href":"https:\/\/www.krakow.szarytki.pl\/index.php?rest_route=%2Fwp%2Fv2%2Fcategories&post=12587"},{"taxonomy":"post_tag","embeddable":true,"href":"https:\/\/www.krakow.szarytki.pl\/index.php?rest_route=%2Fwp%2Fv2%2Ftags&post=12587"}],"curies":[{"name":"wp","href":"https:\/\/api.w.org\/{rel}","templated":true}]}}