{"id":12285,"date":"2021-10-12T18:58:00","date_gmt":"2021-10-12T16:58:00","guid":{"rendered":"https:\/\/www.krakow.szarytki.pl\/?p=12285"},"modified":"2022-02-21T20:42:35","modified_gmt":"2022-02-21T19:42:35","slug":"nowy-kosciol-w-ochotnicy","status":"publish","type":"post","link":"https:\/\/www.krakow.szarytki.pl\/?p=12285","title":{"rendered":"Nowy ko\u015bci\u00f3\u0142 w Ochotnicy"},"content":{"rendered":"","protected":false},"excerpt":{"rendered":"<p>Wrzesie\u0144 by\u0142 dla parafian w Ochotnicy miesi\u0105cem cud\u00f3w. Uczestniczyli w beatyfikacji kard. Wyszy\u0144skiego, po\u015bwi\u0119cony zosta\u0142 plac pod budow\u0119, a tak\u017ce powitano relikwie Patrona&#8230;<\/p>\n","protected":false},"author":5,"featured_media":12309,"comment_status":"closed","ping_status":"closed","sticky":false,"template":"","format":"standard","meta":{"footnotes":""},"categories":[32],"tags":[],"class_list":["post-12285","post","type-post","status-publish","format-standard","has-post-thumbnail","hentry","category-ochotnica-dln"],"_links":{"self":[{"href":"https:\/\/www.krakow.szarytki.pl\/index.php?rest_route=\/wp\/v2\/posts\/12285","targetHints":{"allow":["GET"]}}],"collection":[{"href":"https:\/\/www.krakow.szarytki.pl\/index.php?rest_route=\/wp\/v2\/posts"}],"about":[{"href":"https:\/\/www.krakow.szarytki.pl\/index.php?rest_route=\/wp\/v2\/types\/post"}],"author":[{"embeddable":true,"href":"https:\/\/www.krakow.szarytki.pl\/index.php?rest_route=\/wp\/v2\/users\/5"}],"replies":[{"embeddable":true,"href":"https:\/\/www.krakow.szarytki.pl\/index.php?rest_route=%2Fwp%2Fv2%2Fcomments&post=12285"}],"version-history":[{"count":0,"href":"https:\/\/www.krakow.szarytki.pl\/index.php?rest_route=\/wp\/v2\/posts\/12285\/revisions"}],"wp:featuredmedia":[{"embeddable":true,"href":"https:\/\/www.krakow.szarytki.pl\/index.php?rest_route=\/wp\/v2\/media\/12309"}],"wp:attachment":[{"href":"https:\/\/www.krakow.szarytki.pl\/index.php?rest_route=%2Fwp%2Fv2%2Fmedia&parent=12285"}],"wp:term":[{"taxonomy":"category","embeddable":true,"href":"https:\/\/www.krakow.szarytki.pl\/index.php?rest_route=%2Fwp%2Fv2%2Fcategories&post=12285"},{"taxonomy":"post_tag","embeddable":true,"href":"https:\/\/www.krakow.szarytki.pl\/index.php?rest_route=%2Fwp%2Fv2%2Ftags&post=12285"}],"curies":[{"name":"wp","href":"https:\/\/api.w.org\/{rel}","templated":true}]}}