{"id":12178,"date":"2022-01-13T21:21:22","date_gmt":"2022-01-13T20:21:22","guid":{"rendered":"https:\/\/www.krakow.szarytki.pl\/?p=12178"},"modified":"2022-01-13T21:21:23","modified_gmt":"2022-01-13T20:21:23","slug":"hej-koleda-koleda-2","status":"publish","type":"post","link":"https:\/\/www.krakow.szarytki.pl\/?p=12178","title":{"rendered":"Hej kol\u0119da, kol\u0119da!"},"content":{"rendered":"","protected":false},"excerpt":{"rendered":"<p>W \u015aniatynie dzieci ze \u015awietlicy b\u0142. S. M.Wieckiej stara\u0142y si\u0119 nie\u015b\u0107\u00a0rado\u015b\u0107 z narodzenia Pana wsz\u0119dzie: do dom\u00f3w, sklep\u00f3w, piekarni, biur, na plebani\u0119&#8230;<\/p>\n","protected":false},"author":5,"featured_media":12181,"comment_status":"closed","ping_status":"closed","sticky":false,"template":"","format":"standard","meta":{"footnotes":""},"categories":[30],"tags":[],"class_list":["post-12178","post","type-post","status-publish","format-standard","has-post-thumbnail","hentry","category-sniatyn-centrum-bl-m-wieckiej"],"_links":{"self":[{"href":"https:\/\/www.krakow.szarytki.pl\/index.php?rest_route=\/wp\/v2\/posts\/12178","targetHints":{"allow":["GET"]}}],"collection":[{"href":"https:\/\/www.krakow.szarytki.pl\/index.php?rest_route=\/wp\/v2\/posts"}],"about":[{"href":"https:\/\/www.krakow.szarytki.pl\/index.php?rest_route=\/wp\/v2\/types\/post"}],"author":[{"embeddable":true,"href":"https:\/\/www.krakow.szarytki.pl\/index.php?rest_route=\/wp\/v2\/users\/5"}],"replies":[{"embeddable":true,"href":"https:\/\/www.krakow.szarytki.pl\/index.php?rest_route=%2Fwp%2Fv2%2Fcomments&post=12178"}],"version-history":[{"count":0,"href":"https:\/\/www.krakow.szarytki.pl\/index.php?rest_route=\/wp\/v2\/posts\/12178\/revisions"}],"wp:featuredmedia":[{"embeddable":true,"href":"https:\/\/www.krakow.szarytki.pl\/index.php?rest_route=\/wp\/v2\/media\/12181"}],"wp:attachment":[{"href":"https:\/\/www.krakow.szarytki.pl\/index.php?rest_route=%2Fwp%2Fv2%2Fmedia&parent=12178"}],"wp:term":[{"taxonomy":"category","embeddable":true,"href":"https:\/\/www.krakow.szarytki.pl\/index.php?rest_route=%2Fwp%2Fv2%2Fcategories&post=12178"},{"taxonomy":"post_tag","embeddable":true,"href":"https:\/\/www.krakow.szarytki.pl\/index.php?rest_route=%2Fwp%2Fv2%2Ftags&post=12178"}],"curies":[{"name":"wp","href":"https:\/\/api.w.org\/{rel}","templated":true}]}}