{"id":11861,"date":"2021-11-26T23:26:10","date_gmt":"2021-11-26T22:26:10","guid":{"rendered":"https:\/\/www.krakow.szarytki.pl\/?p=11861"},"modified":"2021-11-28T21:03:24","modified_gmt":"2021-11-28T20:03:24","slug":"nowenna-przed-200-rocznica-objawien","status":"publish","type":"post","link":"https:\/\/www.krakow.szarytki.pl\/?p=11861","title":{"rendered":"Nowenna przed 200 rocznic\u0105 objawie\u0144"},"content":{"rendered":"","protected":false},"excerpt":{"rendered":"<p>Rozpoczynamy dziewi\u0119cioletni okres przygotowa\u0144 do Jubileuszu 200 rocznicy objawie\u0144, kt\u00f3re mia\u0142y miejsce w Pary\u017cu w 1830 roku&#8230;<\/p>\n","protected":false},"author":5,"featured_media":11865,"comment_status":"closed","ping_status":"closed","sticky":false,"template":"","format":"standard","meta":{"footnotes":""},"categories":[16],"tags":[],"class_list":["post-11861","post","type-post","status-publish","format-standard","has-post-thumbnail","hentry","category-krakow"],"_links":{"self":[{"href":"https:\/\/www.krakow.szarytki.pl\/index.php?rest_route=\/wp\/v2\/posts\/11861","targetHints":{"allow":["GET"]}}],"collection":[{"href":"https:\/\/www.krakow.szarytki.pl\/index.php?rest_route=\/wp\/v2\/posts"}],"about":[{"href":"https:\/\/www.krakow.szarytki.pl\/index.php?rest_route=\/wp\/v2\/types\/post"}],"author":[{"embeddable":true,"href":"https:\/\/www.krakow.szarytki.pl\/index.php?rest_route=\/wp\/v2\/users\/5"}],"replies":[{"embeddable":true,"href":"https:\/\/www.krakow.szarytki.pl\/index.php?rest_route=%2Fwp%2Fv2%2Fcomments&post=11861"}],"version-history":[{"count":0,"href":"https:\/\/www.krakow.szarytki.pl\/index.php?rest_route=\/wp\/v2\/posts\/11861\/revisions"}],"wp:featuredmedia":[{"embeddable":true,"href":"https:\/\/www.krakow.szarytki.pl\/index.php?rest_route=\/wp\/v2\/media\/11865"}],"wp:attachment":[{"href":"https:\/\/www.krakow.szarytki.pl\/index.php?rest_route=%2Fwp%2Fv2%2Fmedia&parent=11861"}],"wp:term":[{"taxonomy":"category","embeddable":true,"href":"https:\/\/www.krakow.szarytki.pl\/index.php?rest_route=%2Fwp%2Fv2%2Fcategories&post=11861"},{"taxonomy":"post_tag","embeddable":true,"href":"https:\/\/www.krakow.szarytki.pl\/index.php?rest_route=%2Fwp%2Fv2%2Ftags&post=11861"}],"curies":[{"name":"wp","href":"https:\/\/api.w.org\/{rel}","templated":true}]}}