{"id":11598,"date":"2021-09-20T13:25:00","date_gmt":"2021-09-20T11:25:00","guid":{"rendered":"https:\/\/www.krakow.szarytki.pl\/?p=11598"},"modified":"2021-10-02T13:57:24","modified_gmt":"2021-10-02T11:57:24","slug":"150-lecie-konsekracji-kosciola","status":"publish","type":"post","link":"https:\/\/www.krakow.szarytki.pl\/?p=11598","title":{"rendered":"Integracja od nowa"},"content":{"rendered":"","protected":false},"excerpt":{"rendered":"<p>Po d\u0142ugiej izolacji z powodu COVID-19 mieszka\u0144cy DPS w Bobrku mog\u0105 ucieszy\u0107 si\u0119 z integracji, spotykaj\u0105c si\u0119 na r\u00f3\u017cnych imprezach okoliczno\u015bciowych, np. na Olimpiadzie Sportowej&#8230;<\/p>\n","protected":false},"author":5,"featured_media":11600,"comment_status":"closed","ping_status":"closed","sticky":false,"template":"","format":"standard","meta":{"footnotes":""},"categories":[4],"tags":[],"class_list":["post-11598","post","type-post","status-publish","format-standard","has-post-thumbnail","hentry","category-bobrek"],"_links":{"self":[{"href":"https:\/\/www.krakow.szarytki.pl\/index.php?rest_route=\/wp\/v2\/posts\/11598","targetHints":{"allow":["GET"]}}],"collection":[{"href":"https:\/\/www.krakow.szarytki.pl\/index.php?rest_route=\/wp\/v2\/posts"}],"about":[{"href":"https:\/\/www.krakow.szarytki.pl\/index.php?rest_route=\/wp\/v2\/types\/post"}],"author":[{"embeddable":true,"href":"https:\/\/www.krakow.szarytki.pl\/index.php?rest_route=\/wp\/v2\/users\/5"}],"replies":[{"embeddable":true,"href":"https:\/\/www.krakow.szarytki.pl\/index.php?rest_route=%2Fwp%2Fv2%2Fcomments&post=11598"}],"version-history":[{"count":0,"href":"https:\/\/www.krakow.szarytki.pl\/index.php?rest_route=\/wp\/v2\/posts\/11598\/revisions"}],"wp:featuredmedia":[{"embeddable":true,"href":"https:\/\/www.krakow.szarytki.pl\/index.php?rest_route=\/wp\/v2\/media\/11600"}],"wp:attachment":[{"href":"https:\/\/www.krakow.szarytki.pl\/index.php?rest_route=%2Fwp%2Fv2%2Fmedia&parent=11598"}],"wp:term":[{"taxonomy":"category","embeddable":true,"href":"https:\/\/www.krakow.szarytki.pl\/index.php?rest_route=%2Fwp%2Fv2%2Fcategories&post=11598"},{"taxonomy":"post_tag","embeddable":true,"href":"https:\/\/www.krakow.szarytki.pl\/index.php?rest_route=%2Fwp%2Fv2%2Ftags&post=11598"}],"curies":[{"name":"wp","href":"https:\/\/api.w.org\/{rel}","templated":true}]}}