{"id":11479,"date":"2021-08-07T22:14:00","date_gmt":"2021-08-07T20:14:00","guid":{"rendered":"https:\/\/www.krakow.szarytki.pl\/?p=11479"},"modified":"2021-08-11T09:08:30","modified_gmt":"2021-08-11T07:08:30","slug":"jubilate-deo-4","status":"publish","type":"post","link":"https:\/\/www.krakow.szarytki.pl\/?p=11479","title":{"rendered":"Jubilate Deo!"},"content":{"rendered":"","protected":false},"excerpt":{"rendered":"<p>4 sierpnia br. dwie Siostry z Infirmerii prze\u017cywa\u0142y jubileusze powo\u0142ania: S. J\u00f3zefa Drozdek \u2013 70 lat, S. Julia T\u0142usty \u2013 60 lat&#8230;<\/p>\n","protected":false},"author":5,"featured_media":11487,"comment_status":"closed","ping_status":"closed","sticky":false,"template":"","format":"standard","meta":{"footnotes":""},"categories":[60],"tags":[],"class_list":["post-11479","post","type-post","status-publish","format-standard","has-post-thumbnail","hentry","category-infirmeria"],"_links":{"self":[{"href":"https:\/\/www.krakow.szarytki.pl\/index.php?rest_route=\/wp\/v2\/posts\/11479","targetHints":{"allow":["GET"]}}],"collection":[{"href":"https:\/\/www.krakow.szarytki.pl\/index.php?rest_route=\/wp\/v2\/posts"}],"about":[{"href":"https:\/\/www.krakow.szarytki.pl\/index.php?rest_route=\/wp\/v2\/types\/post"}],"author":[{"embeddable":true,"href":"https:\/\/www.krakow.szarytki.pl\/index.php?rest_route=\/wp\/v2\/users\/5"}],"replies":[{"embeddable":true,"href":"https:\/\/www.krakow.szarytki.pl\/index.php?rest_route=%2Fwp%2Fv2%2Fcomments&post=11479"}],"version-history":[{"count":0,"href":"https:\/\/www.krakow.szarytki.pl\/index.php?rest_route=\/wp\/v2\/posts\/11479\/revisions"}],"wp:featuredmedia":[{"embeddable":true,"href":"https:\/\/www.krakow.szarytki.pl\/index.php?rest_route=\/wp\/v2\/media\/11487"}],"wp:attachment":[{"href":"https:\/\/www.krakow.szarytki.pl\/index.php?rest_route=%2Fwp%2Fv2%2Fmedia&parent=11479"}],"wp:term":[{"taxonomy":"category","embeddable":true,"href":"https:\/\/www.krakow.szarytki.pl\/index.php?rest_route=%2Fwp%2Fv2%2Fcategories&post=11479"},{"taxonomy":"post_tag","embeddable":true,"href":"https:\/\/www.krakow.szarytki.pl\/index.php?rest_route=%2Fwp%2Fv2%2Ftags&post=11479"}],"curies":[{"name":"wp","href":"https:\/\/api.w.org\/{rel}","templated":true}]}}