{"id":11463,"date":"2021-08-03T22:45:00","date_gmt":"2021-08-03T20:45:00","guid":{"rendered":"https:\/\/www.krakow.szarytki.pl\/?p=11463"},"modified":"2021-08-04T03:35:39","modified_gmt":"2021-08-04T01:35:39","slug":"wakacje-w-seminarium","status":"publish","type":"post","link":"https:\/\/www.krakow.szarytki.pl\/?p=11463","title":{"rendered":"Wakacje w Seminarium"},"content":{"rendered":"","protected":false},"excerpt":{"rendered":"<p>Wakacje to czas odpoczynku, spotkania z Bogiem i drugim cz\u0142owiekiem. Mo\u017cemy g\u0142\u0119boko odetchn\u0105\u0107 i powt\u00f3rzy\u0107 za psalmist\u0105: \u201ePan jest moim pasterzem, nie brak mi niczego&#8230;&#8221;<\/p>\n","protected":false},"author":5,"featured_media":11476,"comment_status":"closed","ping_status":"closed","sticky":false,"template":"","format":"standard","meta":{"footnotes":""},"categories":[7],"tags":[],"class_list":["post-11463","post","type-post","status-publish","format-standard","has-post-thumbnail","hentry","category-seminarium"],"_links":{"self":[{"href":"https:\/\/www.krakow.szarytki.pl\/index.php?rest_route=\/wp\/v2\/posts\/11463","targetHints":{"allow":["GET"]}}],"collection":[{"href":"https:\/\/www.krakow.szarytki.pl\/index.php?rest_route=\/wp\/v2\/posts"}],"about":[{"href":"https:\/\/www.krakow.szarytki.pl\/index.php?rest_route=\/wp\/v2\/types\/post"}],"author":[{"embeddable":true,"href":"https:\/\/www.krakow.szarytki.pl\/index.php?rest_route=\/wp\/v2\/users\/5"}],"replies":[{"embeddable":true,"href":"https:\/\/www.krakow.szarytki.pl\/index.php?rest_route=%2Fwp%2Fv2%2Fcomments&post=11463"}],"version-history":[{"count":0,"href":"https:\/\/www.krakow.szarytki.pl\/index.php?rest_route=\/wp\/v2\/posts\/11463\/revisions"}],"wp:featuredmedia":[{"embeddable":true,"href":"https:\/\/www.krakow.szarytki.pl\/index.php?rest_route=\/wp\/v2\/media\/11476"}],"wp:attachment":[{"href":"https:\/\/www.krakow.szarytki.pl\/index.php?rest_route=%2Fwp%2Fv2%2Fmedia&parent=11463"}],"wp:term":[{"taxonomy":"category","embeddable":true,"href":"https:\/\/www.krakow.szarytki.pl\/index.php?rest_route=%2Fwp%2Fv2%2Fcategories&post=11463"},{"taxonomy":"post_tag","embeddable":true,"href":"https:\/\/www.krakow.szarytki.pl\/index.php?rest_route=%2Fwp%2Fv2%2Ftags&post=11463"}],"curies":[{"name":"wp","href":"https:\/\/api.w.org\/{rel}","templated":true}]}}