{"id":10880,"date":"2021-03-16T20:42:00","date_gmt":"2021-03-16T19:42:00","guid":{"rendered":"https:\/\/www.krakow.szarytki.pl\/?p=10880"},"modified":"2021-03-23T11:51:50","modified_gmt":"2021-03-23T10:51:50","slug":"przedswiatecznie","status":"publish","type":"post","link":"https:\/\/www.krakow.szarytki.pl\/?p=10880","title":{"rendered":"Przed\u015bwi\u0105tecznie"},"content":{"rendered":"","protected":false},"excerpt":{"rendered":"<p>W okresie przed\u015bwi\u0105tecznym \u017cadna wsp\u00f3lnota szarytkowska nie narzeka na brak pracy. W D\u0105browie Tarnowskiej od lat w\u0142\u0105czamy si\u0119 w tzw.  \u201eAkcj\u0119 Kilo\u201d, maj\u0105c\u0105 na celu wsparcie ubogich&#8230;<\/p>\n","protected":false},"author":5,"featured_media":10892,"comment_status":"closed","ping_status":"closed","sticky":false,"template":"","format":"standard","meta":{"footnotes":""},"categories":[18],"tags":[],"class_list":["post-10880","post","type-post","status-publish","format-standard","has-post-thumbnail","hentry","category-dabrowa-tarnowska"],"_links":{"self":[{"href":"https:\/\/www.krakow.szarytki.pl\/index.php?rest_route=\/wp\/v2\/posts\/10880","targetHints":{"allow":["GET"]}}],"collection":[{"href":"https:\/\/www.krakow.szarytki.pl\/index.php?rest_route=\/wp\/v2\/posts"}],"about":[{"href":"https:\/\/www.krakow.szarytki.pl\/index.php?rest_route=\/wp\/v2\/types\/post"}],"author":[{"embeddable":true,"href":"https:\/\/www.krakow.szarytki.pl\/index.php?rest_route=\/wp\/v2\/users\/5"}],"replies":[{"embeddable":true,"href":"https:\/\/www.krakow.szarytki.pl\/index.php?rest_route=%2Fwp%2Fv2%2Fcomments&post=10880"}],"version-history":[{"count":0,"href":"https:\/\/www.krakow.szarytki.pl\/index.php?rest_route=\/wp\/v2\/posts\/10880\/revisions"}],"wp:featuredmedia":[{"embeddable":true,"href":"https:\/\/www.krakow.szarytki.pl\/index.php?rest_route=\/wp\/v2\/media\/10892"}],"wp:attachment":[{"href":"https:\/\/www.krakow.szarytki.pl\/index.php?rest_route=%2Fwp%2Fv2%2Fmedia&parent=10880"}],"wp:term":[{"taxonomy":"category","embeddable":true,"href":"https:\/\/www.krakow.szarytki.pl\/index.php?rest_route=%2Fwp%2Fv2%2Fcategories&post=10880"},{"taxonomy":"post_tag","embeddable":true,"href":"https:\/\/www.krakow.szarytki.pl\/index.php?rest_route=%2Fwp%2Fv2%2Ftags&post=10880"}],"curies":[{"name":"wp","href":"https:\/\/api.w.org\/{rel}","templated":true}]}}