{"id":10822,"date":"2021-03-07T20:20:30","date_gmt":"2021-03-07T19:20:30","guid":{"rendered":"https:\/\/www.krakow.szarytki.pl\/?p=10822"},"modified":"2021-03-08T20:23:47","modified_gmt":"2021-03-08T19:23:47","slug":"pozegnanie-s-elzbiety","status":"publish","type":"post","link":"https:\/\/www.krakow.szarytki.pl\/?p=10822","title":{"rendered":"Po\u017cegnanie S. El\u017cbiety"},"content":{"rendered":"<p>[vc_row content_placement=&#8221;top&#8221; parallax=&#8221;content-moving-fade&#8221; css=&#8221;.vc_custom_1615231161189{margin-top: 5px !important;}&#8221;][vc_column][vc_video link=&#8221;https:\/\/www.youtube.com\/watch?v=5MM5yk1gOEY&#8221; el_width=&#8221;90&#8243; align=&#8221;center&#8221; css=&#8221;.vc_custom_1615216356188{margin-top: 25px !important;margin-right: 25px !important;margin-bottom: 25px !important;margin-left: 25px !important;}&#8221;][\/vc_column][\/vc_row]<\/p>\n","protected":false},"excerpt":{"rendered":"<p>Z wielkim smutkiem przyj\u0119\u0142y\u015bmy wiadomo\u015b\u0107 o nag\u0142ej \u015bmierci naszej Siostry El\u017cbiety Cholewy. Dzi\u0119kujemy Bogu za Jej \u017cycie, pos\u0142ug\u0119, do\u015bwiadczenie choroby, za moment Spotkania z Jezusem&#8230;<\/p>\n","protected":false},"author":5,"featured_media":10827,"comment_status":"closed","ping_status":"closed","sticky":false,"template":"","format":"standard","meta":{"footnotes":""},"categories":[50],"tags":[],"class_list":["post-10822","post","type-post","status-publish","format-standard","has-post-thumbnail","hentry","category-storozyniec"],"_links":{"self":[{"href":"https:\/\/www.krakow.szarytki.pl\/index.php?rest_route=\/wp\/v2\/posts\/10822","targetHints":{"allow":["GET"]}}],"collection":[{"href":"https:\/\/www.krakow.szarytki.pl\/index.php?rest_route=\/wp\/v2\/posts"}],"about":[{"href":"https:\/\/www.krakow.szarytki.pl\/index.php?rest_route=\/wp\/v2\/types\/post"}],"author":[{"embeddable":true,"href":"https:\/\/www.krakow.szarytki.pl\/index.php?rest_route=\/wp\/v2\/users\/5"}],"replies":[{"embeddable":true,"href":"https:\/\/www.krakow.szarytki.pl\/index.php?rest_route=%2Fwp%2Fv2%2Fcomments&post=10822"}],"version-history":[{"count":0,"href":"https:\/\/www.krakow.szarytki.pl\/index.php?rest_route=\/wp\/v2\/posts\/10822\/revisions"}],"wp:featuredmedia":[{"embeddable":true,"href":"https:\/\/www.krakow.szarytki.pl\/index.php?rest_route=\/wp\/v2\/media\/10827"}],"wp:attachment":[{"href":"https:\/\/www.krakow.szarytki.pl\/index.php?rest_route=%2Fwp%2Fv2%2Fmedia&parent=10822"}],"wp:term":[{"taxonomy":"category","embeddable":true,"href":"https:\/\/www.krakow.szarytki.pl\/index.php?rest_route=%2Fwp%2Fv2%2Fcategories&post=10822"},{"taxonomy":"post_tag","embeddable":true,"href":"https:\/\/www.krakow.szarytki.pl\/index.php?rest_route=%2Fwp%2Fv2%2Ftags&post=10822"}],"curies":[{"name":"wp","href":"https:\/\/api.w.org\/{rel}","templated":true}]}}