{"id":10744,"date":"2021-02-24T21:47:00","date_gmt":"2021-02-24T20:47:00","guid":{"rendered":"https:\/\/www.krakow.szarytki.pl\/?p=10744"},"modified":"2021-02-26T14:58:15","modified_gmt":"2021-02-26T13:58:15","slug":"przedszkolaki-pomagaja","status":"publish","type":"post","link":"https:\/\/www.krakow.szarytki.pl\/?p=10744","title":{"rendered":"Przedszkolaki pomagaj\u0105"},"content":{"rendered":"","protected":false},"excerpt":{"rendered":"<p>23 lutego przypada Mi\u0119dzynarodowy Dzie\u0144 Pomocy Potrzebuj\u0105cym. Z tej okazji dzieci z Przedszkola \u201cWincenty\u0144skie Dzieci\u201d w Gorzowie przekaza\u0142y dzieciom ze \u015bwietlicy \u201eJask\u00f3\u0142ka\u201d upominki&#8230;<\/p>\n","protected":false},"author":5,"featured_media":10746,"comment_status":"closed","ping_status":"closed","sticky":false,"template":"","format":"standard","meta":{"footnotes":""},"categories":[19],"tags":[],"class_list":["post-10744","post","type-post","status-publish","format-standard","has-post-thumbnail","hentry","category-gorzow-wlkp"],"_links":{"self":[{"href":"https:\/\/www.krakow.szarytki.pl\/index.php?rest_route=\/wp\/v2\/posts\/10744","targetHints":{"allow":["GET"]}}],"collection":[{"href":"https:\/\/www.krakow.szarytki.pl\/index.php?rest_route=\/wp\/v2\/posts"}],"about":[{"href":"https:\/\/www.krakow.szarytki.pl\/index.php?rest_route=\/wp\/v2\/types\/post"}],"author":[{"embeddable":true,"href":"https:\/\/www.krakow.szarytki.pl\/index.php?rest_route=\/wp\/v2\/users\/5"}],"replies":[{"embeddable":true,"href":"https:\/\/www.krakow.szarytki.pl\/index.php?rest_route=%2Fwp%2Fv2%2Fcomments&post=10744"}],"version-history":[{"count":0,"href":"https:\/\/www.krakow.szarytki.pl\/index.php?rest_route=\/wp\/v2\/posts\/10744\/revisions"}],"wp:featuredmedia":[{"embeddable":true,"href":"https:\/\/www.krakow.szarytki.pl\/index.php?rest_route=\/wp\/v2\/media\/10746"}],"wp:attachment":[{"href":"https:\/\/www.krakow.szarytki.pl\/index.php?rest_route=%2Fwp%2Fv2%2Fmedia&parent=10744"}],"wp:term":[{"taxonomy":"category","embeddable":true,"href":"https:\/\/www.krakow.szarytki.pl\/index.php?rest_route=%2Fwp%2Fv2%2Fcategories&post=10744"},{"taxonomy":"post_tag","embeddable":true,"href":"https:\/\/www.krakow.szarytki.pl\/index.php?rest_route=%2Fwp%2Fv2%2Ftags&post=10744"}],"curies":[{"name":"wp","href":"https:\/\/api.w.org\/{rel}","templated":true}]}}