{"id":10578,"date":"2021-01-17T15:28:16","date_gmt":"2021-01-17T14:28:16","guid":{"rendered":"https:\/\/www.krakow.szarytki.pl\/?p=10578"},"modified":"2021-01-17T15:28:17","modified_gmt":"2021-01-17T14:28:17","slug":"effata-otworz-sie","status":"publish","type":"post","link":"https:\/\/www.krakow.szarytki.pl\/?p=10578","title":{"rendered":"Effata \u2013 otw\u00f3rz si\u0119"},"content":{"rendered":"","protected":false},"excerpt":{"rendered":"<p>W tych trudnych czasach pandemii, jako Wsp\u00f3lnota \u017bmigrodzka chcemy jeszcze mocniej i g\u0142\u0119biej realizowa\u0107 nasze konwentowe przes\u0142anie EFFATA \u2013 OTW\u00d3RZ SI\u0118&#8230;<\/p>\n","protected":false},"author":5,"featured_media":10603,"comment_status":"open","ping_status":"open","sticky":false,"template":"","format":"standard","meta":{"footnotes":""},"categories":[20],"tags":[],"class_list":["post-10578","post","type-post","status-publish","format-standard","has-post-thumbnail","hentry","category-zmigrod"],"_links":{"self":[{"href":"https:\/\/www.krakow.szarytki.pl\/index.php?rest_route=\/wp\/v2\/posts\/10578","targetHints":{"allow":["GET"]}}],"collection":[{"href":"https:\/\/www.krakow.szarytki.pl\/index.php?rest_route=\/wp\/v2\/posts"}],"about":[{"href":"https:\/\/www.krakow.szarytki.pl\/index.php?rest_route=\/wp\/v2\/types\/post"}],"author":[{"embeddable":true,"href":"https:\/\/www.krakow.szarytki.pl\/index.php?rest_route=\/wp\/v2\/users\/5"}],"replies":[{"embeddable":true,"href":"https:\/\/www.krakow.szarytki.pl\/index.php?rest_route=%2Fwp%2Fv2%2Fcomments&post=10578"}],"version-history":[{"count":0,"href":"https:\/\/www.krakow.szarytki.pl\/index.php?rest_route=\/wp\/v2\/posts\/10578\/revisions"}],"wp:featuredmedia":[{"embeddable":true,"href":"https:\/\/www.krakow.szarytki.pl\/index.php?rest_route=\/wp\/v2\/media\/10603"}],"wp:attachment":[{"href":"https:\/\/www.krakow.szarytki.pl\/index.php?rest_route=%2Fwp%2Fv2%2Fmedia&parent=10578"}],"wp:term":[{"taxonomy":"category","embeddable":true,"href":"https:\/\/www.krakow.szarytki.pl\/index.php?rest_route=%2Fwp%2Fv2%2Fcategories&post=10578"},{"taxonomy":"post_tag","embeddable":true,"href":"https:\/\/www.krakow.szarytki.pl\/index.php?rest_route=%2Fwp%2Fv2%2Ftags&post=10578"}],"curies":[{"name":"wp","href":"https:\/\/api.w.org\/{rel}","templated":true}]}}